{"id":3386,"date":"2026-04-28T20:56:36","date_gmt":"2026-04-28T18:56:36","guid":{"rendered":"https:\/\/handball-dettingen.de\/cms\/?p=3386"},"modified":"2026-04-28T21:30:47","modified_gmt":"2026-04-28T19:30:47","slug":"einladung-zur-30-ordentlichen-jahreshauptversammlung-des-foerderverein-handball-am-freitag-den-08-05-2026-um-19-00-uhr-im-clubhaus-am-sportplatz","status":"publish","type":"post","link":"https:\/\/handball-dettingen.de\/cms\/2026\/04\/28\/einladung-zur-30-ordentlichen-jahreshauptversammlung-des-foerderverein-handball-am-freitag-den-08-05-2026-um-19-00-uhr-im-clubhaus-am-sportplatz\/","title":{"rendered":"Einladung zur 30. ordentlichen Jahreshauptversammlung des F\u00f6rderverein Handball am Freitag den 08.05.2026 um 19.00 Uhr im Clubhaus am Sportplatz"},"content":{"rendered":"\n<p><strong>Tagesordnung<\/strong><\/p>\n\n\n\n<p>\u00a0 1. Begr\u00fc\u00dfung und Genehmigung der Tagesordnung<br>\u00a0 2. Totengedenken<br>\u00a0 3. Bericht 1. Vorsitzender<br>\u00a0 4. Bericht Kassierer<br>\u00a0 5. Bericht Kassenpr\u00fcfer<br>\u00a0 6. Entlastungen<br>\u00a0 7. Antr\u00e4ge<br>\u00a0 8. Verschiedenes<br>\u00a0 9. Schlusswort<\/p>\n\n\n\n<p>Antr\u00e4ge sind in schriftlicher Form bis sp\u00e4testens 01.05.2026 bei Philipp Fahrmann, Lindenstra\u00dfe 21, 89547 Dettingen einzureichen.<\/p>\n\n\n\n<p>F\u00fcr Speis und Trank ist gesorgt.<\/p>\n\n\n\n<p>gez.&nbsp;Philipp Fahrmann (1. Vorsitzender)<\/p>\n","protected":false},"excerpt":{"rendered":"<p>Tagesordnung \u00a0 1. Begr\u00fc\u00dfung und Genehmigung der Tagesordnung\u00a0 2. Totengedenken\u00a0 3. Bericht 1. Vorsitzender\u00a0 4. [&hellip;]<\/p>\n","protected":false},"author":1,"featured_media":3388,"comment_status":"closed","ping_status":"closed","sticky":false,"template":"","format":"standard","meta":{"footnotes":""},"categories":[1],"tags":[],"class_list":["post-3386","post","type-post","status-publish","format-standard","has-post-thumbnail","hentry","category-allgemein"],"_links":{"self":[{"href":"https:\/\/handball-dettingen.de\/cms\/wp-json\/wp\/v2\/posts\/3386","targetHints":{"allow":["GET"]}}],"collection":[{"href":"https:\/\/handball-dettingen.de\/cms\/wp-json\/wp\/v2\/posts"}],"about":[{"href":"https:\/\/handball-dettingen.de\/cms\/wp-json\/wp\/v2\/types\/post"}],"author":[{"embeddable":true,"href":"https:\/\/handball-dettingen.de\/cms\/wp-json\/wp\/v2\/users\/1"}],"replies":[{"embeddable":true,"href":"https:\/\/handball-dettingen.de\/cms\/wp-json\/wp\/v2\/comments?post=3386"}],"version-history":[{"count":1,"href":"https:\/\/handball-dettingen.de\/cms\/wp-json\/wp\/v2\/posts\/3386\/revisions"}],"predecessor-version":[{"id":3387,"href":"https:\/\/handball-dettingen.de\/cms\/wp-json\/wp\/v2\/posts\/3386\/revisions\/3387"}],"wp:featuredmedia":[{"embeddable":true,"href":"https:\/\/handball-dettingen.de\/cms\/wp-json\/wp\/v2\/media\/3388"}],"wp:attachment":[{"href":"https:\/\/handball-dettingen.de\/cms\/wp-json\/wp\/v2\/media?parent=3386"}],"wp:term":[{"taxonomy":"category","embeddable":true,"href":"https:\/\/handball-dettingen.de\/cms\/wp-json\/wp\/v2\/categories?post=3386"},{"taxonomy":"post_tag","embeddable":true,"href":"https:\/\/handball-dettingen.de\/cms\/wp-json\/wp\/v2\/tags?post=3386"}],"curies":[{"name":"wp","href":"https:\/\/api.w.org\/{rel}","templated":true}]}}